{"id":2462,"date":"2025-03-20T11:32:15","date_gmt":"2025-03-20T11:32:15","guid":{"rendered":"https:\/\/livingplace.pt\/?p=2462"},"modified":"2026-01-26T20:04:41","modified_gmt":"2026-01-26T20:04:41","slug":"resiliencia-a-chave-para-o-crescimento-pessoal-e-coletivo","status":"publish","type":"post","link":"https:\/\/livingplace.pt\/en_gb\/resiliencia-a-chave-para-o-crescimento-pessoal-e-coletivo\/","title":{"rendered":"Resilience: The key to personal and collective growth"},"content":{"rendered":"<p>A vida \u00e9 um caminho cheio de altos e baixos, e a capacidade de adapta\u00e7\u00e3o e supera\u00e7\u00e3o das adversidades \u00e9 essencial para o nosso crescimento pessoal e coletivo. A resili\u00eancia \u00e9 a habilidade de recuperar de dificuldades, aprender com elas e seguir em frente com for\u00e7a renovada.<\/p>\n<p>Em tempos de incerteza e desafios, a resili\u00eancia torna-se ainda mais importante. Permite-nos enfrentar as dificuldades com coragem e determina\u00e7\u00e3o, transformando-as em oportunidades de aprendizagem e crescimento.<\/p>\n<p>A resili\u00eancia n\u00e3o \u00e9 uma caracter\u00edstica inata, \u00e9 antes de mais, uma habilidade que pode ser desenvolvida.<\/p>\n<p>&nbsp;<\/p>\n<p>Resili\u00eancia: A chave para o crescimento pessoal e coletivo.<\/p>\n<p>&nbsp;<\/p>\n<p>Existem v\u00e1rias estrat\u00e9gias que podemos adotar para fortalecer a nossa resili\u00eancia. Deixo aqui alguns exemplos:<\/p>\n<h3><strong>. Cultivar uma mentalidade positiva<\/strong>:<\/h3>\n<p>Acreditar que somos capazes de superar as dificuldades e que as adversidades s\u00e3o tempor\u00e1rias. Isto d\u00e1-nos for\u00e7a para enfrentar os desafios.<\/p>\n<h3><strong>. Procurar apoio social<\/strong>:<\/h3>\n<p>Ter pessoas que nos apoiam e nos incentivam nos momentos dif\u00edceis \u00e9 fundamental para a nossa resili\u00eancia.<\/p>\n<h3><strong>. Aprender com as experi\u00eancias<\/strong>:<\/h3>\n<p>As dificuldades ensinam-nos li\u00e7\u00f5es valiosas sobre n\u00f3s pr\u00f3prios e sobre o mundo. \u00c9 importante refletir sobre essas experi\u00eancias e aprender com elas.<\/p>\n<h3><strong>. Cuidar da sa\u00fade f\u00edsica e mental<\/strong>:<\/h3>\n<p>Manter um estilo de vida saud\u00e1vel e cuidar da nossa sa\u00fade mental s\u00e3o essenciais para enfrentar as adversidades com mais for\u00e7a.<\/p>\n<h3><strong>. Estabelecer metas e objetivos<\/strong>:<\/h3>\n<p>Ter metas e objetivos d\u00e1-nos a dire\u00e7\u00e3o e motiva\u00e7\u00e3o necess\u00e1rias para seguir em frente, mesmo nos momentos mais dif\u00edceis.<\/p>\n<h3>. Identificar Padr\u00f5es de Pensamento:<\/h3>\n<p>Preste aten\u00e7\u00e3o aos seus pensamentos, especialmente nos momentos de stress. Reconhe\u00e7a padr\u00f5es negativos ou autocr\u00edticos e desafie-os com pensamentos mais realistas e positivos.<\/p>\n<h3>. <strong>Reconhecer Emo\u00e7\u00f5es:<\/strong><\/h3>\n<p>Sinta o processar das suas emo\u00e7\u00f5es, sem julgamento. A aceita\u00e7\u00e3o das emo\u00e7\u00f5es \u00e9 o primeiro passo para as gerir de forma eficaz.<\/p>\n<h3>. Conhecer os seus Pontos Fortes e Fracos:<\/h3>\n<p>Identifique as suas capacidades e limita\u00e7\u00f5es. O autoconhecimento permite que use os seus pontos fortes para enfrentar desafios e procurar apoio onde necess\u00e1rio.<\/p>\n<h3>. Praticar Mindfulness:<\/h3>\n<p>A aten\u00e7\u00e3o plena ajuda a focar no presente, reduzindo a ansiedade e o stress.<\/p>\n<h3>. Exerc\u00edcio F\u00edsico Regular:<\/h3>\n<p>A atividade f\u00edsica liberta endorfinas, que melhoram o humor e reduzem o stress.<\/p>\n<h3>. T\u00e9cnicas de Relaxamento:<\/h3>\n<p>A medita\u00e7\u00e3o, a respira\u00e7\u00e3o profunda e o yoga podem ajudar a acalmar a mente e o corpo.<\/p>\n<h3>. Estabelecer Limites:<\/h3>\n<p>Aprenda a dizer &#8220;n\u00e3o&#8221; a compromissos excessivos e a proteger o seu tempo e energia.<\/p>\n<h3>. Construir uma Rede de Apoio:<\/h3>\n<p>Cultive relacionamentos saud\u00e1veis com amigos, familiares e colegas. Ter pessoas com quem contar \u00e9 fundamental em momentos dif\u00edceis.<\/p>\n<h3>. Praticar a Empatia:<\/h3>\n<p>Compreender e apoiar os outros tamb\u00e9m fortalece a sua pr\u00f3pria resili\u00eancia.<\/p>\n<p>&nbsp;<\/p>\n<p>A resili\u00eancia \u00e9 uma virtude que nos permite enfrentar os desafios da vida com coragem e determina\u00e7\u00e3o. Ajuda-nos a superar as dificuldades e a crescer como pessoas \u00edntegras e completas.<\/p>\n<p>Lembre-se de que a resili\u00eancia \u00e9 um processo cont\u00ednuo. Seja paciente consigo mesmo e pratique estas estrat\u00e9gias regularmente para fortalecer a sua capacidade de enfrentar os desafios da vida.<\/p>\n<p>Esta mensagem pretende\u00a0 inspirar outras pessoas a desenvolverem a sua resili\u00eancia e a crescerem com uma vis\u00e3o do mundo mais abrangente!<\/p>\n<h4><strong>Estamos nisto! Estamos juntos!<\/strong><\/h4>\n<p>&nbsp;<\/p>\n<p>Resili\u00eancia: A chave para o crescimento pessoal e coletivo.<\/p>\n<h6>(A imagem deste artigo foi gerada por IA)<\/h6>\n<p>&nbsp;<\/p>\n<h3>1 &#8211; O que \u00e9 a resili\u00eancia e porque \u00e9 fundamental para o crescimento pessoal?<\/h3>\n<p>A resili\u00eancia \u00e9 a capacidade de um indiv\u00edduo lidar com problemas, adaptar-se a mudan\u00e7as e superar adversidades, transformando experi\u00eancias negativas em oportunidades de aprendizagem. No crescimento pessoal, a resili\u00eancia funciona como um motor de autoconfian\u00e7a, permitindo que os obst\u00e1culos n\u00e3o sejam vistos como becos sem sa\u00edda, mas como degraus para uma maior maturidade emocional e resili\u00eancia psicol\u00f3gica perante os desafios futuros da vida.<\/p>\n<p>&nbsp;<\/p>\n<h3>2 &#8211; Como \u00e9 que a resili\u00eancia se manifesta no contexto coletivo e nas equipas?<\/h3>\n<p>A resili\u00eancia coletiva \u00e9 a capacidade de um grupo ou equipa manter a sua coes\u00e3o e funcionalidade sob press\u00e3o. Manifesta-se atrav\u00e9s do apoio m\u00fatuo, da comunica\u00e7\u00e3o aberta e de uma vis\u00e3o partilhada que permite \u00e0 equipa absorver choques e adaptar-se a crises sem perder o foco nos objetivos. Uma equipa resiliente n\u00e3o se limita a sobreviver \u00e0s dificuldades; ela utiliza os desafios para fortalecer os la\u00e7os de confian\u00e7a e melhorar os seus processos internos de colabora\u00e7\u00e3o.<\/p>\n<p>&nbsp;<\/p>\n<h3>3 &#8211; Quais s\u00e3o as estrat\u00e9gias-chave para desenvolver uma mentalidade mais resiliente?<\/h3>\n<p>Desenvolver resili\u00eancia exige pr\u00e1tica e tempo, focando-se em pilares como o autocuidado (sono, alimenta\u00e7\u00e3o e exerc\u00edcio), o cultivo de rela\u00e7\u00f5es interpessoais s\u00f3lidas e a aceita\u00e7\u00e3o da mudan\u00e7a como parte integrante da vida. Outras estrat\u00e9gias incluem a manuten\u00e7\u00e3o de uma atitude positiva focada na solu\u00e7\u00e3o, a pr\u00e1tica da flexibilidade mental e a procura de um prop\u00f3sito di\u00e1rio. Ao investir na sa\u00fade psicol\u00f3gica e no apoio social, tornamo-nos mais aptos a transformar crises em per\u00edodos de renova\u00e7\u00e3o e crescimento.<\/p>\n<p><script type=\"application\/ld+json\">\n{\n  \"@context\": \"https:\/\/schema.org\",\n  \"@type\": \"FAQPage\",\n  \"mainEntity\": [\n    {\n      \"@type\": \"Question\",\n      \"name\": \"1 - O que \u00e9 a resili\u00eancia e porque \u00e9 fundamental para o crescimento pessoal?\",\n      \"acceptedAnswer\": {\n        \"@type\": \"Answer\",\n        \"text\": \"A resili\u00eancia \u00e9 a capacidade de um indiv\u00edduo lidar com problemas, adaptar-se a mudan\u00e7as e superar adversidades, transformando experi\u00eancias negativas em oportunidades de aprendizagem. No crescimento pessoal, a resili\u00eancia funciona como um motor de autoconfian\u00e7a, permitindo que os obst\u00e1culos n\u00e3o sejam vistos como becos sem sa\u00edda, mas como degraus para uma maior maturidade emocional e resili\u00eancia psicol\u00f3gica perante os desafios futuros da vida.\"\n      }\n    },\n    {\n      \"@type\": \"Question\",\n      \"name\": \"2 - Como \u00e9 que a resili\u00eancia se manifesta no contexto coletivo e nas equipas?\",\n      \"acceptedAnswer\": {\n        \"@type\": \"Answer\",\n        \"text\": \"A resili\u00eancia coletiva \u00e9 a capacidade de um grupo ou equipa manter a sua coes\u00e3o e funcionalidade sob press\u00e3o. Manifesta-se atrav\u00e9s do apoio m\u00fatuo, da comunica\u00e7\u00e3o aberta e de uma vis\u00e3o partilhada que permite \u00e0 equipa absorver choques e adaptar-se a crises sem perder o foco nos objetivos. Uma equipa resiliente n\u00e3o se limita a sobreviver \u00e0s dificuldades; ela utiliza os desafios para fortalecer os la\u00e7os de confian\u00e7a e melhorar os seus processos internos de colabora\u00e7\u00e3o.\"\n      }\n    },\n    {\n      \"@type\": \"Question\",\n      \"name\": \"3 - Quais s\u00e3o as estrat\u00e9gias-chave para desenvolver uma mentalidade mais resiliente?\",\n      \"acceptedAnswer\": {\n        \"@type\": \"Answer\",\n        \"text\": \"Desenvolver resili\u00eancia exige pr\u00e1tica e tempo, focando-se em pilares como o autocuidado (sono, alimenta\u00e7\u00e3o e exerc\u00edcio), o cultivo de rela\u00e7\u00f5es interpessoais s\u00f3lidas e a aceita\u00e7\u00e3o da mudan\u00e7a como parte integrante da vida. Outras estrat\u00e9gias incluem a manuten\u00e7\u00e3o de uma atitude positiva focada na solu\u00e7\u00e3o, a pr\u00e1tica da flexibilidade mental e a procura de um prop\u00f3sito di\u00e1rio. Ao investir na sa\u00fade psicol\u00f3gica e no apoio social, tornamo-nos mais aptos a transformar crises em per\u00edodos de renova\u00e7\u00e3o e crescimento.\"\n      }\n    }\n  ]\n}\n<\/script><\/p>\n","protected":false},"excerpt":{"rendered":"<p>A vida \u00e9 um caminho cheio de altos e baixos, e a capacidade de adapta\u00e7\u00e3o e supera\u00e7\u00e3o das adversidades \u00e9 essencial para o nosso crescimento pessoal e coletivo. A resili\u00eancia \u00e9 a habilidade de recuperar de dificuldades, aprender com elas e seguir em frente com for\u00e7a renovada. Em tempos de incerteza e desafios, a resili\u00eancia [&hellip;]<\/p>\n","protected":false},"author":2,"featured_media":2463,"comment_status":"open","ping_status":"open","sticky":false,"template":"","format":"standard","meta":{"om_disable_all_campaigns":false,"_monsterinsights_skip_tracking":false,"_monsterinsights_sitenote_active":false,"_monsterinsights_sitenote_note":"","_monsterinsights_sitenote_category":0,"footnotes":""},"categories":[22],"tags":[],"class_list":["post-2462","post","type-post","status-publish","format-standard","has-post-thumbnail","hentry","category-life-style"],"aioseo_notices":[],"_links":{"self":[{"href":"https:\/\/livingplace.pt\/en_gb\/wp-json\/wp\/v2\/posts\/2462","targetHints":{"allow":["GET"]}}],"collection":[{"href":"https:\/\/livingplace.pt\/en_gb\/wp-json\/wp\/v2\/posts"}],"about":[{"href":"https:\/\/livingplace.pt\/en_gb\/wp-json\/wp\/v2\/types\/post"}],"author":[{"embeddable":true,"href":"https:\/\/livingplace.pt\/en_gb\/wp-json\/wp\/v2\/users\/2"}],"replies":[{"embeddable":true,"href":"https:\/\/livingplace.pt\/en_gb\/wp-json\/wp\/v2\/comments?post=2462"}],"version-history":[{"count":1,"href":"https:\/\/livingplace.pt\/en_gb\/wp-json\/wp\/v2\/posts\/2462\/revisions"}],"predecessor-version":[{"id":4145,"href":"https:\/\/livingplace.pt\/en_gb\/wp-json\/wp\/v2\/posts\/2462\/revisions\/4145"}],"wp:featuredmedia":[{"embeddable":true,"href":"https:\/\/livingplace.pt\/en_gb\/wp-json\/wp\/v2\/media\/2463"}],"wp:attachment":[{"href":"https:\/\/livingplace.pt\/en_gb\/wp-json\/wp\/v2\/media?parent=2462"}],"wp:term":[{"taxonomy":"category","embeddable":true,"href":"https:\/\/livingplace.pt\/en_gb\/wp-json\/wp\/v2\/categories?post=2462"},{"taxonomy":"post_tag","embeddable":true,"href":"https:\/\/livingplace.pt\/en_gb\/wp-json\/wp\/v2\/tags?post=2462"}],"curies":[{"name":"wp","href":"https:\/\/api.w.org\/{rel}","templated":true}]}}